{"id":558,"date":"2016-01-12T14:30:09","date_gmt":"2016-01-12T13:30:09","guid":{"rendered":"http:\/\/sidko.de\/magazin\/?p=558"},"modified":"2021-12-06T21:48:49","modified_gmt":"2021-12-06T20:48:49","slug":"sebastiao-salgado-ausstellung-in-muenchen","status":"publish","type":"post","link":"http:\/\/sidko.de\/magazin\/sebastiao-salgado-ausstellung-in-muenchen.html","title":{"rendered":"Sebasti\u00e3o Salgado Ausstellung in M\u00fcnchen"},"content":{"rendered":"<div class=\"shariff\" data-title=\"Sebasti\u00e3o Salgado Ausstellung in M\u00fcnchen\" data-info-url=\"http:\/\/ct.de\/-2467514\" data-backend-url=\"http:\/\/sidko.de\/magazin\/wp-content\/plugins\/shariff-sharing\/backend\/index.php\" data-temp=\"\/tmp\" data-ttl=\"60\" data-service=\"\" data-services='[]' data-image=\"http:\/\/sidko.de\/magazin\/wp-content\/uploads\/2016\/01\/salgado-web2-650x394.jpghttp:\/\/sidko.de\/magazin\/wp-content\/uploads\/2016\/01\/salgado-web2.jpg 650w, http:\/\/sidko.de\/magazin\/wp-content\/uploads\/2016\/01\/salgado-web2-624x378.jpg 624w\" data-url=\"http:\/\/sidko.de\/magazin\/sebastiao-salgado-ausstellung-in-muenchen.html\" data-lang=\"de\" data-theme=\"round\" data-orientation=\"horizontal\"><\/div><h1>Die Sebasti\u00e3o Salgado Ausstellung muss man sehen!<\/h1>\n<h2>Abenteurer, K\u00fcnstler, Menschenfreund, Vision\u00e4r. Die Ausstellung \u201eGenesis\u201c des brasilianischen Fotografen Sebasti\u00e3o Salgado ist bewegend und gro\u00dfartig. Aber man muss sich beeilen, denn sie l\u00e4uft nur noch bis zum 24. Januar 2016 im Kunstfoyer der Bayerischen Versicherungskammer, Maximilianstra\u00dfe 53. Auch f\u00fcr Eltern und Kinder unbedingt empfehlenswert.<\/h2>\n<p>Das Plakat der Ausstellung <strong>Genesis von\u00a0Sebasti\u00e3o Salgado<\/strong> zeigt eine Echsenhand, die aussieht, wie die Hand eines mittelalterlichen Herrschers. Wer h\u00e4tte so viel Eleganz in einem Reptil vermutet. Und so staunt man vor jedem ausgestellten Foto \u00fcber die Wunder dieser Welt, die uns die Arbeiten von Sebasti\u00e0o Salgado vor Augen f\u00fchren.<\/p>\n<h2>Staunen \u00fcber die Wunder der Welt<\/h2>\n<p>Es sind schwarz-weiss Fotografien von exotischen Landschaften der Antarktis, Afrikas, Papua Guineas und von Menschen, die bis\u00a0heute ganz urspr\u00fcnglich leben, von Bewohnern Sibiriens in\u00a0ihren Jurten auf dem Eis, von\u00a0V\u00f6lkern im\u00a0Dschungel des Amazonas und in der Steppe Afrikas und von exotischen Tieren. Manchmal vergisst man fast, dass die Erde so viele verschiedene Gesichter hat, und das das alles jetzt passiert, w\u00e4hrend wir unserer modernes Leben f\u00fchren. Mit gro\u00dfer k\u00fcnstlerischer \u00c4sthetik, fantastischer Bildkomposition und Motivauswahl wird uns in &#8222;Genesis&#8220; die Sch\u00f6nheit der Erde gezeigt.<\/p>\n<div id=\"attachment_565\" style=\"width: 660px\" class=\"wp-caption alignnone\"><img aria-describedby=\"caption-attachment-565\" decoding=\"async\" loading=\"lazy\" class=\"wp-image-565 size-medium\" src=\"http:\/\/sidko.de\/magazin\/wp-content\/uploads\/2016\/01\/salgado-web2-650x394.jpg\" alt=\"Elefant in der Steppe von Afrika von Sebastiao Salgado fotografiert\" width=\"650\" height=\"394\" data-id=\"565\" srcset=\"http:\/\/sidko.de\/magazin\/wp-content\/uploads\/2016\/01\/salgado-web2.jpg 650w, http:\/\/sidko.de\/magazin\/wp-content\/uploads\/2016\/01\/salgado-web2-624x378.jpg 624w\" sizes=\"(max-width: 650px) 100vw, 650px\" \/><p id=\"caption-attachment-565\" class=\"wp-caption-text\">\u00c4sthetische und faszinierende Fotos von exotischen Tieren in der Natur<\/p><\/div>\n<p><img decoding=\"async\" loading=\"lazy\" class=\"alignnone size-medium wp-image-567\" src=\"http:\/\/sidko.de\/magazin\/wp-content\/uploads\/2016\/01\/salgado-web4-650x394.jpg\" alt=\"salgado-web4\" width=\"650\" height=\"394\" data-id=\"567\" srcset=\"http:\/\/sidko.de\/magazin\/wp-content\/uploads\/2016\/01\/salgado-web4.jpg 650w, http:\/\/sidko.de\/magazin\/wp-content\/uploads\/2016\/01\/salgado-web4-624x378.jpg 624w\" sizes=\"(max-width: 650px) 100vw, 650px\" \/><img decoding=\"async\" loading=\"lazy\" class=\"alignnone size-medium wp-image-566\" src=\"http:\/\/sidko.de\/magazin\/wp-content\/uploads\/2016\/01\/salgado-web3-650x394.jpg\" alt=\"salgado-web3\" width=\"650\" height=\"394\" data-id=\"566\" srcset=\"http:\/\/sidko.de\/magazin\/wp-content\/uploads\/2016\/01\/salgado-web3.jpg 650w, http:\/\/sidko.de\/magazin\/wp-content\/uploads\/2016\/01\/salgado-web3-624x378.jpg 624w\" sizes=\"(max-width: 650px) 100vw, 650px\" \/><\/p>\n<h2>Baum f\u00fcr Baum die\u00a0Welt retten mit\u00a0dem Instituto Terra<\/h2>\n<p>Die Ausstellung ist mehr als nur eine Sammlung gro\u00dfartiger Fotografien. Sie ist die Arbeit eines Mannes, der die Welt und die Menschen wirklich retten will: 1990 gr\u00fcndete er zusammen mit seiner Frau L\u00e9lia Deluiz Wanick\u00a0das <strong><a href=\"http:\/\/www.institutoterra.org\/pt_br\/#.VpTuh5PhCV4\" target=\"_blank\" rel=\"noopener\">Instituto Terra<\/a><\/strong>\u00a0, eine Umwelt-Organisation, die in Brasilien am River Doce, den Regenwald aufforstet. Durch Waldrodungen war der ganze\u00a0Landstrich verdorrt. Durch die Arbeit des Instituto Terra wurde das Land f\u00fcr die Menschen und die Tiere wieder lebenswert gemacht. In dem ambitionierten Projekt wurden bisher \u00fcber 2 Millionen B\u00e4ume gepflanzt. Jetzt gibt es wieder Wasser und die Farmer der Gegend bewirtschaften ihr Land nach dem Vorbild des Instituto Terra.<\/p>\n<p><iframe loading=\"lazy\" src=\"https:\/\/www.youtube.com\/embed\/p0Aw3JEtQoU\" width=\"420\" height=\"315\" frameborder=\"0\"><\/p>\n<h2>allowfullscreen=&#8220;allowfullscreen&#8220;&gt;<\/h2>\n<p>&nbsp;<\/p>\n<p>&nbsp;<\/p>\n<p>&nbsp;<\/p>\n<p>&nbsp;<\/p>\n<p>&nbsp;<\/p>\n<p><\/iframe><\/p>\n<h2>Das Salz der Erde &#8211; Der Film \u00fcber das Leben und die Arbeit von\u00a0Sebasti\u00e3o Salgado<\/h2>\n<p>Im Rahmen der Ausstellung l\u00e4uft in den Museumslichtspielen in der Sonntags-Matinee, bis zum 24.1.2016, die sehr sehenswerte Filmreportage <strong><em>Das Salz der Erde<\/em><\/strong> von <em>Wim Wenders<\/em>. Der Film zeigt den Menschen Sebasti\u00e3o Salgado: Sein Kompromissloses Leben f\u00fcr das Abenteuer und die Fotografie, seine tiefe Verbundenheit zur Erde und den Menschen und seine Visionen und Aktionen f\u00fcr die Rettung unserer\u00a0Welt.<br \/>\n<iframe loading=\"lazy\" src=\"https:\/\/www.youtube.com\/embed\/N8FBmtLIKhY\" width=\"560\" height=\"315\" frameborder=\"0\" allowfullscreen=\"allowfullscreen\"><\/iframe><br \/>\nDie Ausstellung <strong>Genesis von\u00a0Sebasti\u00e3o Salgado<\/strong> ist t\u00e4glich ge\u00f6ffnet von 9-19 Uhr,<br \/>\nim Kunstfoyer der Bayerischen Versicherungskammer,<br \/>\nM\u00fcnchen (Lehel), Maximilianstra\u00dfe 53,\u00a0Eintritt frei.<\/p>\n","protected":false},"excerpt":{"rendered":"<p>Die Sebasti\u00e3o Salgado Ausstellung muss man sehen! Abenteurer, K\u00fcnstler, Menschenfreund, Vision\u00e4r. Die Ausstellung \u201eGenesis\u201c des brasilianischen Fotografen Sebasti\u00e3o Salgado ist bewegend und gro\u00dfartig. Aber man muss<span class=\"excerpt-hellip\"> [\u2026]<\/span><\/p>\n","protected":false},"author":1,"featured_media":559,"comment_status":"closed","ping_status":"open","sticky":false,"template":"","format":"standard","meta":{"_mi_skip_tracking":false},"categories":[5],"tags":[59,67,62,58,64,60,61,65,57,63,66],"yoast_head":"<!-- This site is optimized with the Yoast SEO plugin v20.5 - https:\/\/yoast.com\/wordpress\/plugins\/seo\/ -->\n<title>Sebasti\u00e3o Salgado Ausstellung Genesis in M\u00fcnchen<\/title>\n<meta name=\"description\" content=\"Tolle Fotoausstellung. Unbedingt anschauen l\u00e4uft nur bis zum 24.1.2016! Was es da zu sehen gibt und wie ein Fotograf die Welt rettet k\u00f6nnt ihr hier lesen...\" \/>\n<meta name=\"robots\" content=\"index, follow, max-snippet:-1, max-image-preview:large, max-video-preview:-1\" \/>\n<link rel=\"canonical\" href=\"http:\/\/sidko.de\/magazin\/sebastiao-salgado-ausstellung-in-muenchen.html\" \/>\n<meta property=\"og:locale\" content=\"de_DE\" \/>\n<meta property=\"og:type\" content=\"article\" \/>\n<meta property=\"og:title\" content=\"Sebasti\u00e3o Salgado Ausstellung Genesis in M\u00fcnchen\" \/>\n<meta property=\"og:description\" content=\"Die Sebasti\u00e3o Salgado Ausstellung Genesis in M\u00fcnchen ist einfach toll. Unbedingt anschauen! Das geht aber nur noch bis zum 24.1.2016. Was es da zu sehen gibt und wie ein Fotograf die Welt rettet k\u00f6nnt ihr hier lesen...\" \/>\n<meta property=\"og:url\" content=\"http:\/\/sidko.de\/magazin\/sebastiao-salgado-ausstellung-in-muenchen.html\" \/>\n<meta property=\"og:site_name\" content=\"Sidko Editorial Design\" \/>\n<meta property=\"article:publisher\" content=\"https:\/\/www.facebook.com\/sigrid.kowalewski\" \/>\n<meta property=\"article:published_time\" content=\"2016-01-12T13:30:09+00:00\" \/>\n<meta property=\"article:modified_time\" content=\"2021-12-06T20:48:49+00:00\" \/>\n<meta property=\"og:image\" content=\"http:\/\/sidko.de\/magazin\/wp-content\/uploads\/2016\/01\/Salgado-web1.jpg\" \/>\n\t<meta property=\"og:image:width\" content=\"650\" \/>\n\t<meta property=\"og:image:height\" content=\"394\" \/>\n\t<meta property=\"og:image:type\" content=\"image\/jpeg\" \/>\n<meta name=\"author\" content=\"Sigrid Kowalewski\" \/>\n<meta name=\"twitter:card\" content=\"summary_large_image\" \/>\n<meta name=\"twitter:image\" content=\"http:\/\/sidko.de\/magazin\/wp-content\/uploads\/2016\/01\/Twitterformat.jpg\" \/>\n<meta name=\"twitter:creator\" content=\"@SidkoDesign\" \/>\n<meta name=\"twitter:site\" content=\"@SidkoDesign\" \/>\n<meta name=\"twitter:label1\" content=\"Verfasst von\" \/>\n\t<meta name=\"twitter:data1\" content=\"Sigrid Kowalewski\" \/>\n\t<meta name=\"twitter:label2\" content=\"Gesch\u00e4tzte Lesezeit\" \/>\n\t<meta name=\"twitter:data2\" content=\"2\u00a0Minuten\" \/>\n<script type=\"application\/ld+json\" class=\"yoast-schema-graph\">{\"@context\":\"https:\/\/schema.org\",\"@graph\":[{\"@type\":\"Article\",\"@id\":\"http:\/\/sidko.de\/magazin\/sebastiao-salgado-ausstellung-in-muenchen.html#article\",\"isPartOf\":{\"@id\":\"http:\/\/sidko.de\/magazin\/sebastiao-salgado-ausstellung-in-muenchen.html\"},\"author\":{\"name\":\"Sigrid Kowalewski\",\"@id\":\"http:\/\/sidko.de\/magazin\/#\/schema\/person\/b3b24d03d050d4ada605f6576869c598\"},\"headline\":\"Sebasti\u00e3o Salgado Ausstellung in M\u00fcnchen\",\"datePublished\":\"2016-01-12T13:30:09+00:00\",\"dateModified\":\"2021-12-06T20:48:49+00:00\",\"mainEntityOfPage\":{\"@id\":\"http:\/\/sidko.de\/magazin\/sebastiao-salgado-ausstellung-in-muenchen.html\"},\"wordCount\":467,\"publisher\":{\"@id\":\"http:\/\/sidko.de\/magazin\/#organization\"},\"keywords\":[\"Ausstellung\",\"Das Salz der Erde\",\"Fotografie\",\"Genesis\",\"Instituto Terra\",\"M\u00fcnchen\",\"Natur\",\"Regenwald\",\"Sebasti\u00e3o Salgado\",\"Welt retten\",\"Wim Wenders\"],\"articleSection\":[\"Editorial Design\"],\"inLanguage\":\"de\"},{\"@type\":\"WebPage\",\"@id\":\"http:\/\/sidko.de\/magazin\/sebastiao-salgado-ausstellung-in-muenchen.html\",\"url\":\"http:\/\/sidko.de\/magazin\/sebastiao-salgado-ausstellung-in-muenchen.html\",\"name\":\"Sebasti\u00e3o Salgado Ausstellung Genesis in M\u00fcnchen\",\"isPartOf\":{\"@id\":\"http:\/\/sidko.de\/magazin\/#website\"},\"datePublished\":\"2016-01-12T13:30:09+00:00\",\"dateModified\":\"2021-12-06T20:48:49+00:00\",\"description\":\"Tolle Fotoausstellung. Unbedingt anschauen l\u00e4uft nur bis zum 24.1.2016! Was es da zu sehen gibt und wie ein Fotograf die Welt rettet k\u00f6nnt ihr hier lesen...\",\"breadcrumb\":{\"@id\":\"http:\/\/sidko.de\/magazin\/sebastiao-salgado-ausstellung-in-muenchen.html#breadcrumb\"},\"inLanguage\":\"de\",\"potentialAction\":[{\"@type\":\"ReadAction\",\"target\":[\"http:\/\/sidko.de\/magazin\/sebastiao-salgado-ausstellung-in-muenchen.html\"]}]},{\"@type\":\"BreadcrumbList\",\"@id\":\"http:\/\/sidko.de\/magazin\/sebastiao-salgado-ausstellung-in-muenchen.html#breadcrumb\",\"itemListElement\":[{\"@type\":\"ListItem\",\"position\":1,\"name\":\"Testzeile\",\"item\":\"http:\/\/sidko.de\/magazin\"},{\"@type\":\"ListItem\",\"position\":2,\"name\":\"Sebasti\u00e3o Salgado Ausstellung in M\u00fcnchen\"}]},{\"@type\":\"WebSite\",\"@id\":\"http:\/\/sidko.de\/magazin\/#website\",\"url\":\"http:\/\/sidko.de\/magazin\/\",\"name\":\"Sidko Editorial Design\",\"description\":\"I love Magazines\",\"publisher\":{\"@id\":\"http:\/\/sidko.de\/magazin\/#organization\"},\"potentialAction\":[{\"@type\":\"SearchAction\",\"target\":{\"@type\":\"EntryPoint\",\"urlTemplate\":\"http:\/\/sidko.de\/magazin\/?s={search_term_string}\"},\"query-input\":\"required name=search_term_string\"}],\"inLanguage\":\"de\"},{\"@type\":\"Organization\",\"@id\":\"http:\/\/sidko.de\/magazin\/#organization\",\"name\":\"Sidko Editorial Design\",\"url\":\"http:\/\/sidko.de\/magazin\/\",\"logo\":{\"@type\":\"ImageObject\",\"inLanguage\":\"de\",\"@id\":\"http:\/\/sidko.de\/magazin\/#\/schema\/logo\/image\/\",\"url\":\"http:\/\/sidko.de\/magazin\/wp-content\/uploads\/2023\/04\/sidko-logo-358-68.png\",\"contentUrl\":\"http:\/\/sidko.de\/magazin\/wp-content\/uploads\/2023\/04\/sidko-logo-358-68.png\",\"width\":358,\"height\":68,\"caption\":\"Sidko Editorial Design\"},\"image\":{\"@id\":\"http:\/\/sidko.de\/magazin\/#\/schema\/logo\/image\/\"},\"sameAs\":[\"https:\/\/www.facebook.com\/sigrid.kowalewski\",\"https:\/\/twitter.com\/SidkoDesign\",\"https:\/\/instagram.com\/sidko.design\/\",\"https:\/\/de.linkedin.com\/pub\/sigrid-kowalewski\/99\/a91\/211\"]},{\"@type\":\"Person\",\"@id\":\"http:\/\/sidko.de\/magazin\/#\/schema\/person\/b3b24d03d050d4ada605f6576869c598\",\"name\":\"Sigrid Kowalewski\",\"image\":{\"@type\":\"ImageObject\",\"inLanguage\":\"de\",\"@id\":\"http:\/\/sidko.de\/magazin\/#\/schema\/person\/image\/\",\"url\":\"http:\/\/0.gravatar.com\/avatar\/f5cc031370d978549ecee960b452f015?s=96&d=mm&r=g\",\"contentUrl\":\"http:\/\/0.gravatar.com\/avatar\/f5cc031370d978549ecee960b452f015?s=96&d=mm&r=g\",\"caption\":\"Sigrid Kowalewski\"},\"url\":\"http:\/\/sidko.de\/magazin\/author\/sigrid\"}]}<\/script>\n<!-- \/ Yoast SEO plugin. -->","yoast_head_json":{"title":"Sebasti\u00e3o Salgado Ausstellung Genesis in M\u00fcnchen","description":"Tolle Fotoausstellung. Unbedingt anschauen l\u00e4uft nur bis zum 24.1.2016! Was es da zu sehen gibt und wie ein Fotograf die Welt rettet k\u00f6nnt ihr hier lesen...","robots":{"index":"index","follow":"follow","max-snippet":"max-snippet:-1","max-image-preview":"max-image-preview:large","max-video-preview":"max-video-preview:-1"},"canonical":"http:\/\/sidko.de\/magazin\/sebastiao-salgado-ausstellung-in-muenchen.html","og_locale":"de_DE","og_type":"article","og_title":"Sebasti\u00e3o Salgado Ausstellung Genesis in M\u00fcnchen","og_description":"Die Sebasti\u00e3o Salgado Ausstellung Genesis in M\u00fcnchen ist einfach toll. Unbedingt anschauen! Das geht aber nur noch bis zum 24.1.2016. Was es da zu sehen gibt und wie ein Fotograf die Welt rettet k\u00f6nnt ihr hier lesen...","og_url":"http:\/\/sidko.de\/magazin\/sebastiao-salgado-ausstellung-in-muenchen.html","og_site_name":"Sidko Editorial Design","article_publisher":"https:\/\/www.facebook.com\/sigrid.kowalewski","article_published_time":"2016-01-12T13:30:09+00:00","article_modified_time":"2021-12-06T20:48:49+00:00","og_image":[{"width":650,"height":394,"url":"http:\/\/sidko.de\/magazin\/wp-content\/uploads\/2016\/01\/Salgado-web1.jpg","type":"image\/jpeg"}],"author":"Sigrid Kowalewski","twitter_card":"summary_large_image","twitter_image":"http:\/\/sidko.de\/magazin\/wp-content\/uploads\/2016\/01\/Twitterformat.jpg","twitter_creator":"@SidkoDesign","twitter_site":"@SidkoDesign","twitter_misc":{"Verfasst von":"Sigrid Kowalewski","Gesch\u00e4tzte Lesezeit":"2\u00a0Minuten"},"schema":{"@context":"https:\/\/schema.org","@graph":[{"@type":"Article","@id":"http:\/\/sidko.de\/magazin\/sebastiao-salgado-ausstellung-in-muenchen.html#article","isPartOf":{"@id":"http:\/\/sidko.de\/magazin\/sebastiao-salgado-ausstellung-in-muenchen.html"},"author":{"name":"Sigrid Kowalewski","@id":"http:\/\/sidko.de\/magazin\/#\/schema\/person\/b3b24d03d050d4ada605f6576869c598"},"headline":"Sebasti\u00e3o Salgado Ausstellung in M\u00fcnchen","datePublished":"2016-01-12T13:30:09+00:00","dateModified":"2021-12-06T20:48:49+00:00","mainEntityOfPage":{"@id":"http:\/\/sidko.de\/magazin\/sebastiao-salgado-ausstellung-in-muenchen.html"},"wordCount":467,"publisher":{"@id":"http:\/\/sidko.de\/magazin\/#organization"},"keywords":["Ausstellung","Das Salz der Erde","Fotografie","Genesis","Instituto Terra","M\u00fcnchen","Natur","Regenwald","Sebasti\u00e3o Salgado","Welt retten","Wim Wenders"],"articleSection":["Editorial Design"],"inLanguage":"de"},{"@type":"WebPage","@id":"http:\/\/sidko.de\/magazin\/sebastiao-salgado-ausstellung-in-muenchen.html","url":"http:\/\/sidko.de\/magazin\/sebastiao-salgado-ausstellung-in-muenchen.html","name":"Sebasti\u00e3o Salgado Ausstellung Genesis in M\u00fcnchen","isPartOf":{"@id":"http:\/\/sidko.de\/magazin\/#website"},"datePublished":"2016-01-12T13:30:09+00:00","dateModified":"2021-12-06T20:48:49+00:00","description":"Tolle Fotoausstellung. Unbedingt anschauen l\u00e4uft nur bis zum 24.1.2016! Was es da zu sehen gibt und wie ein Fotograf die Welt rettet k\u00f6nnt ihr hier lesen...","breadcrumb":{"@id":"http:\/\/sidko.de\/magazin\/sebastiao-salgado-ausstellung-in-muenchen.html#breadcrumb"},"inLanguage":"de","potentialAction":[{"@type":"ReadAction","target":["http:\/\/sidko.de\/magazin\/sebastiao-salgado-ausstellung-in-muenchen.html"]}]},{"@type":"BreadcrumbList","@id":"http:\/\/sidko.de\/magazin\/sebastiao-salgado-ausstellung-in-muenchen.html#breadcrumb","itemListElement":[{"@type":"ListItem","position":1,"name":"Testzeile","item":"http:\/\/sidko.de\/magazin"},{"@type":"ListItem","position":2,"name":"Sebasti\u00e3o Salgado Ausstellung in M\u00fcnchen"}]},{"@type":"WebSite","@id":"http:\/\/sidko.de\/magazin\/#website","url":"http:\/\/sidko.de\/magazin\/","name":"Sidko Editorial Design","description":"I love Magazines","publisher":{"@id":"http:\/\/sidko.de\/magazin\/#organization"},"potentialAction":[{"@type":"SearchAction","target":{"@type":"EntryPoint","urlTemplate":"http:\/\/sidko.de\/magazin\/?s={search_term_string}"},"query-input":"required name=search_term_string"}],"inLanguage":"de"},{"@type":"Organization","@id":"http:\/\/sidko.de\/magazin\/#organization","name":"Sidko Editorial Design","url":"http:\/\/sidko.de\/magazin\/","logo":{"@type":"ImageObject","inLanguage":"de","@id":"http:\/\/sidko.de\/magazin\/#\/schema\/logo\/image\/","url":"http:\/\/sidko.de\/magazin\/wp-content\/uploads\/2023\/04\/sidko-logo-358-68.png","contentUrl":"http:\/\/sidko.de\/magazin\/wp-content\/uploads\/2023\/04\/sidko-logo-358-68.png","width":358,"height":68,"caption":"Sidko Editorial Design"},"image":{"@id":"http:\/\/sidko.de\/magazin\/#\/schema\/logo\/image\/"},"sameAs":["https:\/\/www.facebook.com\/sigrid.kowalewski","https:\/\/twitter.com\/SidkoDesign","https:\/\/instagram.com\/sidko.design\/","https:\/\/de.linkedin.com\/pub\/sigrid-kowalewski\/99\/a91\/211"]},{"@type":"Person","@id":"http:\/\/sidko.de\/magazin\/#\/schema\/person\/b3b24d03d050d4ada605f6576869c598","name":"Sigrid Kowalewski","image":{"@type":"ImageObject","inLanguage":"de","@id":"http:\/\/sidko.de\/magazin\/#\/schema\/person\/image\/","url":"http:\/\/0.gravatar.com\/avatar\/f5cc031370d978549ecee960b452f015?s=96&d=mm&r=g","contentUrl":"http:\/\/0.gravatar.com\/avatar\/f5cc031370d978549ecee960b452f015?s=96&d=mm&r=g","caption":"Sigrid Kowalewski"},"url":"http:\/\/sidko.de\/magazin\/author\/sigrid"}]}},"_links":{"self":[{"href":"http:\/\/sidko.de\/magazin\/wp-json\/wp\/v2\/posts\/558"}],"collection":[{"href":"http:\/\/sidko.de\/magazin\/wp-json\/wp\/v2\/posts"}],"about":[{"href":"http:\/\/sidko.de\/magazin\/wp-json\/wp\/v2\/types\/post"}],"author":[{"embeddable":true,"href":"http:\/\/sidko.de\/magazin\/wp-json\/wp\/v2\/users\/1"}],"replies":[{"embeddable":true,"href":"http:\/\/sidko.de\/magazin\/wp-json\/wp\/v2\/comments?post=558"}],"version-history":[{"count":11,"href":"http:\/\/sidko.de\/magazin\/wp-json\/wp\/v2\/posts\/558\/revisions"}],"predecessor-version":[{"id":876,"href":"http:\/\/sidko.de\/magazin\/wp-json\/wp\/v2\/posts\/558\/revisions\/876"}],"wp:featuredmedia":[{"embeddable":true,"href":"http:\/\/sidko.de\/magazin\/wp-json\/wp\/v2\/media\/559"}],"wp:attachment":[{"href":"http:\/\/sidko.de\/magazin\/wp-json\/wp\/v2\/media?parent=558"}],"wp:term":[{"taxonomy":"category","embeddable":true,"href":"http:\/\/sidko.de\/magazin\/wp-json\/wp\/v2\/categories?post=558"},{"taxonomy":"post_tag","embeddable":true,"href":"http:\/\/sidko.de\/magazin\/wp-json\/wp\/v2\/tags?post=558"}],"curies":[{"name":"wp","href":"https:\/\/api.w.org\/{rel}","templated":true}]}}