{"id":479,"date":"2015-12-23T09:54:02","date_gmt":"2015-12-23T08:54:02","guid":{"rendered":"http:\/\/sidko.de\/magazin\/?p=479"},"modified":"2021-12-06T21:49:30","modified_gmt":"2021-12-06T20:49:30","slug":"gaultier-in-muenchen","status":"publish","type":"post","link":"http:\/\/sidko.de\/magazin\/gaultier-in-muenchen.html","title":{"rendered":"Gaultier Ausstellung in M\u00fcnchen"},"content":{"rendered":"<div class=\"shariff\" data-title=\"Gaultier Ausstellung in M\u00fcnchen\" data-info-url=\"http:\/\/ct.de\/-2467514\" data-backend-url=\"http:\/\/sidko.de\/magazin\/wp-content\/plugins\/shariff-sharing\/backend\/index.php\" data-temp=\"\/tmp\" data-ttl=\"60\" data-service=\"\" data-services='[]' data-image=\"http:\/\/sidko.de\/magazin\/wp-content\/uploads\/2016\/01\/gaultier-madonna-bustier-650x394.jpghttp:\/\/sidko.de\/magazin\/wp-content\/uploads\/2016\/01\/gaultier-madonna-bustier.jpg 650w, http:\/\/sidko.de\/magazin\/wp-content\/uploads\/2016\/01\/gaultier-madonna-bustier-624x378.jpg 624w\" data-url=\"http:\/\/sidko.de\/magazin\/gaultier-in-muenchen.html\" data-lang=\"de\" data-theme=\"round\" data-orientation=\"horizontal\"><\/div><p><iframe loading=\"lazy\" width=\"560\" height=\"315\" src=\"https:\/\/www.youtube.com\/embed\/nKxzz2xae5M\" frameborder=\"0\" allowfullscreen><\/iframe><\/p>\n<h1>Die Gaultier Ausstellung in M\u00fcnchen muss man sehen<\/h1>\n<h2>Die Gaultier Ausstellung empfehle ich jedem, der im Editorial Design\u00a0arbeitet und auch sonst jedem Kreativen, denn hier wird man mit mutigen Ideen und sprudelnder Kreativit\u00e4t \u00fcberrascht.<\/h2>\n<p>Das\u00a0Bustier aus der Gaultier Junior Kollektion geh\u00f6rt zu den Kleidungsst\u00fccken, von denen ich mich ungern trennen w\u00fcrde. Warum? Es ist irgendwie historisch, denn der Entwurf dazu\u00a0basiert auf dem\u00a0Bustier, das Gaultier f\u00fcr\u00a0Madonna entworfen hat.\u00a0Darum hebe ich\u00a0es auf.<br \/>\nDie Gaultier Ausstellung zeigt phantastische Outfits,\u00a0die mehr Kunst als Kleidung sind: Edel\u2013Punk, Abendkleider, Army\u2013Look und Hochzeits-Roben werden \u00fcberraschend\u00a0inszeniert.<br \/>\nDas legend\u00e4re Original Madonna Bustier ist nat\u00fcrlich auch dabei. \u00a0Sie\u00a0trug es 1990 in der\u00a0<a href=\"https:\/\/youtu.be\/8dn8I_QXriI\" data-rel=\"lightbox-video-0\" target=\"_blank\" rel=\"noopener\">blonde ambition tour<\/a>.<\/p>\n<div id=\"attachment_502\" style=\"width: 660px\" class=\"wp-caption alignnone\"><img aria-describedby=\"caption-attachment-502\" decoding=\"async\" loading=\"lazy\" class=\"size-medium wp-image-502\" src=\"http:\/\/sidko.de\/magazin\/wp-content\/uploads\/2016\/01\/gaultier-madonna-bustier-650x394.jpg\" alt=\"Madonna Korsett von Gaultier\" width=\"650\" height=\"394\" data-id=\"502\" srcset=\"http:\/\/sidko.de\/magazin\/wp-content\/uploads\/2016\/01\/gaultier-madonna-bustier.jpg 650w, http:\/\/sidko.de\/magazin\/wp-content\/uploads\/2016\/01\/gaultier-madonna-bustier-624x378.jpg 624w\" sizes=\"(max-width: 650px) 100vw, 650px\" \/><p id=\"caption-attachment-502\" class=\"wp-caption-text\"><strong>Legend\u00e4r:<\/strong> Das Korsett von Madonna.K<\/p><\/div>\n<p><!--more--><\/p>\n<div id=\"attachment_492\" style=\"width: 660px\" class=\"wp-caption alignnone\"><img aria-describedby=\"caption-attachment-492\" decoding=\"async\" loading=\"lazy\" class=\"size-medium wp-image-492\" src=\"http:\/\/sidko.de\/magazin\/wp-content\/uploads\/2015\/12\/gaultier-lederhose-650x394.jpg\" alt=\"Lederhosen Outfit von Gaultier\" width=\"650\" height=\"394\" data-id=\"492\" srcset=\"http:\/\/sidko.de\/magazin\/wp-content\/uploads\/2015\/12\/gaultier-lederhose.jpg 650w, http:\/\/sidko.de\/magazin\/wp-content\/uploads\/2015\/12\/gaultier-lederhose-624x378.jpg 624w\" sizes=\"(max-width: 650px) 100vw, 650px\" \/><p id=\"caption-attachment-492\" class=\"wp-caption-text\"><strong>Lustig:<\/strong> Gaultiers bayerisches Lederhosen Outfit<\/p><\/div>\n<h1><\/h1>\n<p>Jean Paul Gaultier hat durch seine Arbeit f\u00fcr Popstars die Mode beeinflusst. Durch die\u00a0Verbreitung der Musik\u00a0Videos und die Berichte im Editorial kennt jeder seine Arbeit. \u00a0Aber was der Designer wirklich drauf hat, erf\u00e4hrt\u00a0man in\u00a0der Gaultier Ausstellung von <a href=\"http:\/\/www.blouinartinfo.com\/news\/story\/1133806\/video-curator-thierry-maxime-loriot-on-jean-paul-gaultier-at\" target=\"_blank\" rel=\"noopener\">Thierry-Maxime Loriot<\/a>. In 6 Ausstellungsr\u00e4umen der <a href=\"http:\/\/www.kunsthalle-muc.de\/\" target=\"_blank\" rel=\"noopener\">Kunsthalle M\u00fcnchen<\/a>\u00a0werden Kleidungsst\u00fccke pr\u00e4sentiert, die nicht von dieser Welt zu sein scheinen. Die Phantasie und die Tr\u00e4ume von Jean Paul Gaultier finden Gestalt in diesen wunderbaren Kreationen. Es ist mehr Kunst am K\u00f6rper, als tragbare Mode. Die Outfits\u00a0sind voller Symbolik, voller Zitate von traditionellen Gew\u00e4ndern von Inuit und Indianern, und sie zeigen eindrucksvoll, dass Outfits auch\u00a0Haltung, Aussage und manchmal Provokation sind.<\/p>\n<h2>Sinnlicher geht es nicht<\/h2>\n<p>Gaultier verwendet die verschiedensten Materialien: Stoff, Leder, Metall, Federn, Plastik und Stickereien, und kombiniert sie so \u00fcberraschend und facettenreich, dass man aus dem Staunen nicht mehr heraus kommt. Beim genauen Betrachten sieht man, dass alles in Handarbeit angefertigt ist. Federn und Glitzersteine sind einzeln aufgen\u00e4ht. Wieviel Liebe zum Detail in diesen Kreationen steckt! Es ist ein sinnliches Erlebnis, diesen Ideen-Reichtum\u00a0zu ergr\u00fcnden. Sch\u00f6n, dass\u00a0Jean Paul Gaultier\u00a0in einer Zeit der Massenproduktion auf Handarbeit setzt.<\/p>\n<div id=\"attachment_499\" style=\"width: 660px\" class=\"wp-caption alignnone\"><img aria-describedby=\"caption-attachment-499\" decoding=\"async\" loading=\"lazy\" class=\"size-medium wp-image-499\" src=\"http:\/\/sidko.de\/magazin\/wp-content\/uploads\/2016\/01\/gaultier-6-650x394.jpg\" alt=\"Gaultier Ausstellung mit Laufsteg Inszenierung der Kleider\" width=\"650\" height=\"394\" data-id=\"499\" srcset=\"http:\/\/sidko.de\/magazin\/wp-content\/uploads\/2016\/01\/gaultier-6.jpg 650w, http:\/\/sidko.de\/magazin\/wp-content\/uploads\/2016\/01\/gaultier-6-624x378.jpg 624w\" sizes=\"(max-width: 650px) 100vw, 650px\" \/><p id=\"caption-attachment-499\" class=\"wp-caption-text\"><strong>Zum Staunen:<\/strong> Die Materialien sind so kreativ kombiniert, dass man sich gar nicht satt sehen kann.<\/p><\/div>\n<div id=\"attachment_500\" style=\"width: 660px\" class=\"wp-caption alignnone\"><img aria-describedby=\"caption-attachment-500\" decoding=\"async\" loading=\"lazy\" class=\"size-medium wp-image-500\" src=\"http:\/\/sidko.de\/magazin\/wp-content\/uploads\/2016\/01\/gaultier-7-650x394.jpg\" alt=\"Army Look mit edlen Materialien\" width=\"650\" height=\"394\" data-id=\"500\" srcset=\"http:\/\/sidko.de\/magazin\/wp-content\/uploads\/2016\/01\/gaultier-7.jpg 650w, http:\/\/sidko.de\/magazin\/wp-content\/uploads\/2016\/01\/gaultier-7-624x378.jpg 624w\" sizes=\"(max-width: 650px) 100vw, 650px\" \/><p id=\"caption-attachment-500\" class=\"wp-caption-text\"><strong>Army Look zum verlieben:<\/strong> Nicht zum Tragen, aber zum Bewundern.<\/p><\/div>\n<div id=\"attachment_495\" style=\"width: 660px\" class=\"wp-caption alignnone\"><img aria-describedby=\"caption-attachment-495\" decoding=\"async\" loading=\"lazy\" class=\"size-medium wp-image-495\" src=\"http:\/\/sidko.de\/magazin\/wp-content\/uploads\/2016\/01\/gaultier-2-650x394.jpg\" alt=\"Kleiderpuppen mit aufgebeamten Gesichtern\" width=\"650\" height=\"394\" data-id=\"495\" srcset=\"http:\/\/sidko.de\/magazin\/wp-content\/uploads\/2016\/01\/gaultier-2.jpg 650w, http:\/\/sidko.de\/magazin\/wp-content\/uploads\/2016\/01\/gaultier-2-624x378.jpg 624w\" sizes=\"(max-width: 650px) 100vw, 650px\" \/><p id=\"caption-attachment-495\" class=\"wp-caption-text\"><strong>Wie echte Models:<\/strong> Die Kleiderpuppen mit aufgebeamten Gesichtern wirken sehr lebendig<\/p><\/div>\n<div id=\"attachment_496\" style=\"width: 660px\" class=\"wp-caption alignnone\"><img aria-describedby=\"caption-attachment-496\" decoding=\"async\" loading=\"lazy\" class=\"size-medium wp-image-496\" src=\"http:\/\/sidko.de\/magazin\/wp-content\/uploads\/2016\/01\/gaultier-3-650x394.jpg\" alt=\"Perlenkleid in der Gaultier Ausstellung\" width=\"650\" height=\"394\" data-id=\"496\" srcset=\"http:\/\/sidko.de\/magazin\/wp-content\/uploads\/2016\/01\/gaultier-3.jpg 650w, http:\/\/sidko.de\/magazin\/wp-content\/uploads\/2016\/01\/gaultier-3-624x378.jpg 624w\" sizes=\"(max-width: 650px) 100vw, 650px\" \/><p id=\"caption-attachment-496\" class=\"wp-caption-text\"><strong>Handarbeit:<\/strong> Der fantastische Stoff des Kleides ist \u00fcber und \u00fcber mit Perlen bestickt. Fast alle Kleider in der Ausstellung sind so aufw\u00e4ndige Handarbeiten.<\/p><\/div>\n<h2>Perfekte Inszenierung der Gaultier Ausstellung<\/h2>\n<p>Die Pr\u00e4sentation der Ausstellung ist sensationell. Licht und Sound schaffen eine perfekte Umgebung f\u00fcr die Kleiderkunst. Faszinierend lebendig wirken die Kleiderpuppen: Auf die K\u00f6pfe werden Gesichter projiziert, deren Augen sich bewegen. Auch\u00a0die Lippen bewegen sich und\u00a0so erweckt es den Anschein, dass die Puppen sprechen.<\/p>\n<div id=\"attachment_518\" style=\"width: 660px\" class=\"wp-caption alignnone\"><img aria-describedby=\"caption-attachment-518\" decoding=\"async\" loading=\"lazy\" class=\"size-medium wp-image-518\" src=\"http:\/\/sidko.de\/magazin\/wp-content\/uploads\/2016\/12\/gaultier-plakat-650x394.jpg\" alt=\"Plakat zur Gaultier Ausstellung in M\u00fcnchen\" width=\"650\" height=\"394\" data-id=\"518\" srcset=\"http:\/\/sidko.de\/magazin\/wp-content\/uploads\/2016\/12\/gaultier-plakat.jpg 650w, http:\/\/sidko.de\/magazin\/wp-content\/uploads\/2016\/12\/gaultier-plakat-624x378.jpg 624w\" sizes=\"(max-width: 650px) 100vw, 650px\" \/><p id=\"caption-attachment-518\" class=\"wp-caption-text\">Ausstellungsplakat zur Gaultier Ausstellung in M\u00fcnchen<\/p><\/div>\n<h2>Achtung, nur noch bis zum 14. Februar 2016<\/h2>\n<p>Diese Ausstellung lohnt sich wirklich. Bis zum 14. Februar 2016 dauert\u00a0in M\u00fcnchen die Gaultier Ausstellung in der <a href=\"http:\/\/www.kunsthalle-muc.de\/\" target=\"_blank\" rel=\"noopener\">M\u00fcnchner Kunsthalle<\/a> der Hypo Kulturstiftung in den F\u00fcnf H\u00f6fen. \u00a0Eintritt: 15 Euro, Montags: 7 Euro<\/p>\n<div id=\"attachment_497\" style=\"width: 660px\" class=\"wp-caption alignnone\"><img aria-describedby=\"caption-attachment-497\" decoding=\"async\" loading=\"lazy\" class=\"size-medium wp-image-497\" src=\"http:\/\/sidko.de\/magazin\/wp-content\/uploads\/2016\/01\/gaultier-4-650x394.jpg\" alt=\"Outfit Gaultier Winterkollektion\" width=\"650\" height=\"394\" data-id=\"497\" srcset=\"http:\/\/sidko.de\/magazin\/wp-content\/uploads\/2016\/01\/gaultier-4.jpg 650w, http:\/\/sidko.de\/magazin\/wp-content\/uploads\/2016\/01\/gaultier-4-624x378.jpg 624w\" sizes=\"(max-width: 650px) 100vw, 650px\" \/><p id=\"caption-attachment-497\" class=\"wp-caption-text\"><strong>B\u00fchnenreif:<\/strong> Im Vordergrund befindet sich ein Model aus der aktuellen Winterkollektion in der Gaultier Ausstellung \u2013\u00a0mehr Theaterkost\u00fcm als Kleindungsst\u00fcck, und\u00a0sch\u00f6n anzusehen.<\/p><\/div>\n<p>Die <a href=\"http:\/\/www.jeanpaulgaultier.com\/de\/mode\/hautecouture\/herbstwinter2015\" target=\"_blank\" rel=\"noopener\">Winterkollektion<\/a> von Jean Paul Gaultier: Dudelsackmusik, irische Volksmusik, Steifen-Str\u00fcmpfe, aufw\u00e4ndige Stickereien und Verarbeitungen, viel Schwarz, viel Rot und Gold, Federn, Pelz und Samt. Material-Collagen. Irgendwie nicht tragbar, aber wunderbar anzusehen.<\/p>\n<div id=\"attachment_491\" style=\"width: 311px\" class=\"wp-caption alignnone\"><img aria-describedby=\"caption-attachment-491\" decoding=\"async\" loading=\"lazy\" class=\" wp-image-491\" src=\"http:\/\/sidko.de\/magazin\/wp-content\/uploads\/2015\/12\/annawintour-650x394.jpg\" alt=\"Sigrid Kowalewski traf Anna Wintour auf der Gaultier Ausstellung in M\u00fcnchen\" width=\"301\" height=\"183\" data-id=\"491\" srcset=\"http:\/\/sidko.de\/magazin\/wp-content\/uploads\/2015\/12\/annawintour.jpg 650w, http:\/\/sidko.de\/magazin\/wp-content\/uploads\/2015\/12\/annawintour-624x378.jpg 624w\" sizes=\"(max-width: 301px) 100vw, 301px\" \/><p id=\"caption-attachment-491\" class=\"wp-caption-text\">Die Autorin Sigrid Kowalewski traf die Vogue Chefin Anna Wintour auf der Gaultier Ausstellung in M\u00fcnchen.<\/p><\/div>\n<p>&nbsp;<\/p>\n","protected":false},"excerpt":{"rendered":"<p>Die Gaultier Ausstellung in M\u00fcnchen muss man sehen Die Gaultier Ausstellung empfehle ich jedem, der im Editorial Design\u00a0arbeitet und auch sonst jedem Kreativen, denn hier wird<span class=\"excerpt-hellip\"> [\u2026]<\/span><\/p>\n","protected":false},"author":1,"featured_media":486,"comment_status":"closed","ping_status":"open","sticky":false,"template":"","format":"standard","meta":{"_mi_skip_tracking":false},"categories":[5],"tags":[17,47,52,48,49,51,50],"yoast_head":"<!-- This site is optimized with the Yoast SEO plugin v20.5 - https:\/\/yoast.com\/wordpress\/plugins\/seo\/ -->\n<title>Gaultier Ausstellung in M\u00fcnchen - das erwartet dich<\/title>\n<meta name=\"description\" content=\"Die Gaultier Ausstellung ist die sch\u00f6nste Ausstellung des Jahres. Lest, was euch erwartet, Infos zur Ausstellung und wann sich der Besuch besonders lohnt\u00a0\" \/>\n<meta name=\"robots\" content=\"index, follow, max-snippet:-1, max-image-preview:large, max-video-preview:-1\" \/>\n<link rel=\"canonical\" href=\"http:\/\/sidko.de\/magazin\/gaultier-in-muenchen.html\" \/>\n<meta property=\"og:locale\" content=\"de_DE\" \/>\n<meta property=\"og:type\" content=\"article\" \/>\n<meta property=\"og:title\" content=\"Gaultier Ausstellung in M\u00fcnchen - das erwartet dich\" \/>\n<meta property=\"og:description\" content=\"Die Gaultier Ausstellung ist die sch\u00f6nste Ausstellung des Jahres. Lest, was euch erwartet, Infos zur Ausstellung und wann sich der Besuch besonders lohnt\u00a0\" \/>\n<meta property=\"og:url\" content=\"http:\/\/sidko.de\/magazin\/gaultier-in-muenchen.html\" \/>\n<meta property=\"og:site_name\" content=\"Sidko Editorial Design\" \/>\n<meta property=\"article:publisher\" content=\"https:\/\/www.facebook.com\/sigrid.kowalewski\" \/>\n<meta property=\"article:published_time\" content=\"2015-12-23T08:54:02+00:00\" \/>\n<meta property=\"article:modified_time\" content=\"2021-12-06T20:49:30+00:00\" \/>\n<meta property=\"og:image\" content=\"http:\/\/sidko.de\/magazin\/wp-content\/uploads\/2016\/01\/gaultier-editorial-design-editor.jpg\" \/>\n\t<meta property=\"og:image:width\" content=\"650\" \/>\n\t<meta property=\"og:image:height\" content=\"394\" \/>\n\t<meta property=\"og:image:type\" content=\"image\/jpeg\" \/>\n<meta name=\"author\" content=\"Sigrid Kowalewski\" \/>\n<meta name=\"twitter:card\" content=\"summary_large_image\" \/>\n<meta name=\"twitter:creator\" content=\"@SidkoDesign\" \/>\n<meta name=\"twitter:site\" content=\"@SidkoDesign\" \/>\n<meta name=\"twitter:label1\" content=\"Verfasst von\" \/>\n\t<meta name=\"twitter:data1\" content=\"Sigrid Kowalewski\" \/>\n\t<meta name=\"twitter:label2\" content=\"Gesch\u00e4tzte Lesezeit\" \/>\n\t<meta name=\"twitter:data2\" content=\"3\u00a0Minuten\" \/>\n<script type=\"application\/ld+json\" class=\"yoast-schema-graph\">{\"@context\":\"https:\/\/schema.org\",\"@graph\":[{\"@type\":\"Article\",\"@id\":\"http:\/\/sidko.de\/magazin\/gaultier-in-muenchen.html#article\",\"isPartOf\":{\"@id\":\"http:\/\/sidko.de\/magazin\/gaultier-in-muenchen.html\"},\"author\":{\"name\":\"Sigrid Kowalewski\",\"@id\":\"http:\/\/sidko.de\/magazin\/#\/schema\/person\/b3b24d03d050d4ada605f6576869c598\"},\"headline\":\"Gaultier Ausstellung in M\u00fcnchen\",\"datePublished\":\"2015-12-23T08:54:02+00:00\",\"dateModified\":\"2021-12-06T20:49:30+00:00\",\"mainEntityOfPage\":{\"@id\":\"http:\/\/sidko.de\/magazin\/gaultier-in-muenchen.html\"},\"wordCount\":643,\"publisher\":{\"@id\":\"http:\/\/sidko.de\/magazin\/#organization\"},\"keywords\":[\"Editorial Design Food Magazine\",\"Gaultier Ausstellung\",\"Inszenierung\",\"kreativ\",\"Kreativit\u00e4t\",\"Laufsteg\",\"Mode\"],\"articleSection\":[\"Editorial Design\"],\"inLanguage\":\"de\"},{\"@type\":\"WebPage\",\"@id\":\"http:\/\/sidko.de\/magazin\/gaultier-in-muenchen.html\",\"url\":\"http:\/\/sidko.de\/magazin\/gaultier-in-muenchen.html\",\"name\":\"Gaultier Ausstellung in M\u00fcnchen - das erwartet dich\",\"isPartOf\":{\"@id\":\"http:\/\/sidko.de\/magazin\/#website\"},\"datePublished\":\"2015-12-23T08:54:02+00:00\",\"dateModified\":\"2021-12-06T20:49:30+00:00\",\"description\":\"Die Gaultier Ausstellung ist die sch\u00f6nste Ausstellung des Jahres. Lest, was euch erwartet, Infos zur Ausstellung und wann sich der Besuch besonders lohnt\u00a0\",\"breadcrumb\":{\"@id\":\"http:\/\/sidko.de\/magazin\/gaultier-in-muenchen.html#breadcrumb\"},\"inLanguage\":\"de\",\"potentialAction\":[{\"@type\":\"ReadAction\",\"target\":[\"http:\/\/sidko.de\/magazin\/gaultier-in-muenchen.html\"]}]},{\"@type\":\"BreadcrumbList\",\"@id\":\"http:\/\/sidko.de\/magazin\/gaultier-in-muenchen.html#breadcrumb\",\"itemListElement\":[{\"@type\":\"ListItem\",\"position\":1,\"name\":\"Testzeile\",\"item\":\"http:\/\/sidko.de\/magazin\"},{\"@type\":\"ListItem\",\"position\":2,\"name\":\"Gaultier Ausstellung in M\u00fcnchen\"}]},{\"@type\":\"WebSite\",\"@id\":\"http:\/\/sidko.de\/magazin\/#website\",\"url\":\"http:\/\/sidko.de\/magazin\/\",\"name\":\"Sidko Editorial Design\",\"description\":\"I love Magazines\",\"publisher\":{\"@id\":\"http:\/\/sidko.de\/magazin\/#organization\"},\"potentialAction\":[{\"@type\":\"SearchAction\",\"target\":{\"@type\":\"EntryPoint\",\"urlTemplate\":\"http:\/\/sidko.de\/magazin\/?s={search_term_string}\"},\"query-input\":\"required name=search_term_string\"}],\"inLanguage\":\"de\"},{\"@type\":\"Organization\",\"@id\":\"http:\/\/sidko.de\/magazin\/#organization\",\"name\":\"Sidko Editorial Design\",\"url\":\"http:\/\/sidko.de\/magazin\/\",\"logo\":{\"@type\":\"ImageObject\",\"inLanguage\":\"de\",\"@id\":\"http:\/\/sidko.de\/magazin\/#\/schema\/logo\/image\/\",\"url\":\"http:\/\/sidko.de\/magazin\/wp-content\/uploads\/2023\/04\/sidko-logo-358-68.png\",\"contentUrl\":\"http:\/\/sidko.de\/magazin\/wp-content\/uploads\/2023\/04\/sidko-logo-358-68.png\",\"width\":358,\"height\":68,\"caption\":\"Sidko Editorial Design\"},\"image\":{\"@id\":\"http:\/\/sidko.de\/magazin\/#\/schema\/logo\/image\/\"},\"sameAs\":[\"https:\/\/www.facebook.com\/sigrid.kowalewski\",\"https:\/\/twitter.com\/SidkoDesign\",\"https:\/\/instagram.com\/sidko.design\/\",\"https:\/\/de.linkedin.com\/pub\/sigrid-kowalewski\/99\/a91\/211\"]},{\"@type\":\"Person\",\"@id\":\"http:\/\/sidko.de\/magazin\/#\/schema\/person\/b3b24d03d050d4ada605f6576869c598\",\"name\":\"Sigrid Kowalewski\",\"image\":{\"@type\":\"ImageObject\",\"inLanguage\":\"de\",\"@id\":\"http:\/\/sidko.de\/magazin\/#\/schema\/person\/image\/\",\"url\":\"http:\/\/0.gravatar.com\/avatar\/f5cc031370d978549ecee960b452f015?s=96&d=mm&r=g\",\"contentUrl\":\"http:\/\/0.gravatar.com\/avatar\/f5cc031370d978549ecee960b452f015?s=96&d=mm&r=g\",\"caption\":\"Sigrid Kowalewski\"},\"url\":\"http:\/\/sidko.de\/magazin\/author\/sigrid\"}]}<\/script>\n<!-- \/ Yoast SEO plugin. -->","yoast_head_json":{"title":"Gaultier Ausstellung in M\u00fcnchen - das erwartet dich","description":"Die Gaultier Ausstellung ist die sch\u00f6nste Ausstellung des Jahres. Lest, was euch erwartet, Infos zur Ausstellung und wann sich der Besuch besonders lohnt\u00a0","robots":{"index":"index","follow":"follow","max-snippet":"max-snippet:-1","max-image-preview":"max-image-preview:large","max-video-preview":"max-video-preview:-1"},"canonical":"http:\/\/sidko.de\/magazin\/gaultier-in-muenchen.html","og_locale":"de_DE","og_type":"article","og_title":"Gaultier Ausstellung in M\u00fcnchen - das erwartet dich","og_description":"Die Gaultier Ausstellung ist die sch\u00f6nste Ausstellung des Jahres. Lest, was euch erwartet, Infos zur Ausstellung und wann sich der Besuch besonders lohnt\u00a0","og_url":"http:\/\/sidko.de\/magazin\/gaultier-in-muenchen.html","og_site_name":"Sidko Editorial Design","article_publisher":"https:\/\/www.facebook.com\/sigrid.kowalewski","article_published_time":"2015-12-23T08:54:02+00:00","article_modified_time":"2021-12-06T20:49:30+00:00","og_image":[{"width":650,"height":394,"url":"http:\/\/sidko.de\/magazin\/wp-content\/uploads\/2016\/01\/gaultier-editorial-design-editor.jpg","type":"image\/jpeg"}],"author":"Sigrid Kowalewski","twitter_card":"summary_large_image","twitter_creator":"@SidkoDesign","twitter_site":"@SidkoDesign","twitter_misc":{"Verfasst von":"Sigrid Kowalewski","Gesch\u00e4tzte Lesezeit":"3\u00a0Minuten"},"schema":{"@context":"https:\/\/schema.org","@graph":[{"@type":"Article","@id":"http:\/\/sidko.de\/magazin\/gaultier-in-muenchen.html#article","isPartOf":{"@id":"http:\/\/sidko.de\/magazin\/gaultier-in-muenchen.html"},"author":{"name":"Sigrid Kowalewski","@id":"http:\/\/sidko.de\/magazin\/#\/schema\/person\/b3b24d03d050d4ada605f6576869c598"},"headline":"Gaultier Ausstellung in M\u00fcnchen","datePublished":"2015-12-23T08:54:02+00:00","dateModified":"2021-12-06T20:49:30+00:00","mainEntityOfPage":{"@id":"http:\/\/sidko.de\/magazin\/gaultier-in-muenchen.html"},"wordCount":643,"publisher":{"@id":"http:\/\/sidko.de\/magazin\/#organization"},"keywords":["Editorial Design Food Magazine","Gaultier Ausstellung","Inszenierung","kreativ","Kreativit\u00e4t","Laufsteg","Mode"],"articleSection":["Editorial Design"],"inLanguage":"de"},{"@type":"WebPage","@id":"http:\/\/sidko.de\/magazin\/gaultier-in-muenchen.html","url":"http:\/\/sidko.de\/magazin\/gaultier-in-muenchen.html","name":"Gaultier Ausstellung in M\u00fcnchen - das erwartet dich","isPartOf":{"@id":"http:\/\/sidko.de\/magazin\/#website"},"datePublished":"2015-12-23T08:54:02+00:00","dateModified":"2021-12-06T20:49:30+00:00","description":"Die Gaultier Ausstellung ist die sch\u00f6nste Ausstellung des Jahres. Lest, was euch erwartet, Infos zur Ausstellung und wann sich der Besuch besonders lohnt\u00a0","breadcrumb":{"@id":"http:\/\/sidko.de\/magazin\/gaultier-in-muenchen.html#breadcrumb"},"inLanguage":"de","potentialAction":[{"@type":"ReadAction","target":["http:\/\/sidko.de\/magazin\/gaultier-in-muenchen.html"]}]},{"@type":"BreadcrumbList","@id":"http:\/\/sidko.de\/magazin\/gaultier-in-muenchen.html#breadcrumb","itemListElement":[{"@type":"ListItem","position":1,"name":"Testzeile","item":"http:\/\/sidko.de\/magazin"},{"@type":"ListItem","position":2,"name":"Gaultier Ausstellung in M\u00fcnchen"}]},{"@type":"WebSite","@id":"http:\/\/sidko.de\/magazin\/#website","url":"http:\/\/sidko.de\/magazin\/","name":"Sidko Editorial Design","description":"I love Magazines","publisher":{"@id":"http:\/\/sidko.de\/magazin\/#organization"},"potentialAction":[{"@type":"SearchAction","target":{"@type":"EntryPoint","urlTemplate":"http:\/\/sidko.de\/magazin\/?s={search_term_string}"},"query-input":"required name=search_term_string"}],"inLanguage":"de"},{"@type":"Organization","@id":"http:\/\/sidko.de\/magazin\/#organization","name":"Sidko Editorial Design","url":"http:\/\/sidko.de\/magazin\/","logo":{"@type":"ImageObject","inLanguage":"de","@id":"http:\/\/sidko.de\/magazin\/#\/schema\/logo\/image\/","url":"http:\/\/sidko.de\/magazin\/wp-content\/uploads\/2023\/04\/sidko-logo-358-68.png","contentUrl":"http:\/\/sidko.de\/magazin\/wp-content\/uploads\/2023\/04\/sidko-logo-358-68.png","width":358,"height":68,"caption":"Sidko Editorial Design"},"image":{"@id":"http:\/\/sidko.de\/magazin\/#\/schema\/logo\/image\/"},"sameAs":["https:\/\/www.facebook.com\/sigrid.kowalewski","https:\/\/twitter.com\/SidkoDesign","https:\/\/instagram.com\/sidko.design\/","https:\/\/de.linkedin.com\/pub\/sigrid-kowalewski\/99\/a91\/211"]},{"@type":"Person","@id":"http:\/\/sidko.de\/magazin\/#\/schema\/person\/b3b24d03d050d4ada605f6576869c598","name":"Sigrid Kowalewski","image":{"@type":"ImageObject","inLanguage":"de","@id":"http:\/\/sidko.de\/magazin\/#\/schema\/person\/image\/","url":"http:\/\/0.gravatar.com\/avatar\/f5cc031370d978549ecee960b452f015?s=96&d=mm&r=g","contentUrl":"http:\/\/0.gravatar.com\/avatar\/f5cc031370d978549ecee960b452f015?s=96&d=mm&r=g","caption":"Sigrid Kowalewski"},"url":"http:\/\/sidko.de\/magazin\/author\/sigrid"}]}},"_links":{"self":[{"href":"http:\/\/sidko.de\/magazin\/wp-json\/wp\/v2\/posts\/479"}],"collection":[{"href":"http:\/\/sidko.de\/magazin\/wp-json\/wp\/v2\/posts"}],"about":[{"href":"http:\/\/sidko.de\/magazin\/wp-json\/wp\/v2\/types\/post"}],"author":[{"embeddable":true,"href":"http:\/\/sidko.de\/magazin\/wp-json\/wp\/v2\/users\/1"}],"replies":[{"embeddable":true,"href":"http:\/\/sidko.de\/magazin\/wp-json\/wp\/v2\/comments?post=479"}],"version-history":[{"count":28,"href":"http:\/\/sidko.de\/magazin\/wp-json\/wp\/v2\/posts\/479\/revisions"}],"predecessor-version":[{"id":878,"href":"http:\/\/sidko.de\/magazin\/wp-json\/wp\/v2\/posts\/479\/revisions\/878"}],"wp:featuredmedia":[{"embeddable":true,"href":"http:\/\/sidko.de\/magazin\/wp-json\/wp\/v2\/media\/486"}],"wp:attachment":[{"href":"http:\/\/sidko.de\/magazin\/wp-json\/wp\/v2\/media?parent=479"}],"wp:term":[{"taxonomy":"category","embeddable":true,"href":"http:\/\/sidko.de\/magazin\/wp-json\/wp\/v2\/categories?post=479"},{"taxonomy":"post_tag","embeddable":true,"href":"http:\/\/sidko.de\/magazin\/wp-json\/wp\/v2\/tags?post=479"}],"curies":[{"name":"wp","href":"https:\/\/api.w.org\/{rel}","templated":true}]}}