{"id":278,"date":"2015-12-21T11:49:05","date_gmt":"2015-12-21T10:49:05","guid":{"rendered":"http:\/\/sidko.de\/magazin\/?p=278"},"modified":"2021-12-06T21:49:56","modified_gmt":"2021-12-06T20:49:56","slug":"cover-gestalten-in-10-schritten","status":"publish","type":"post","link":"http:\/\/sidko.de\/magazin\/cover-gestalten-in-10-schritten.html","title":{"rendered":"Cover perfekt gestalten in 10 Schritten"},"content":{"rendered":"<div class=\"shariff\" data-title=\"Cover perfekt gestalten in 10 Schritten\" data-info-url=\"http:\/\/ct.de\/-2467514\" data-backend-url=\"http:\/\/sidko.de\/magazin\/wp-content\/plugins\/shariff-sharing\/backend\/index.php\" data-temp=\"\/tmp\" data-ttl=\"60\" data-service=\"\" data-services='[]' data-image=\"http:\/\/sidko.de\/magazin\/wp-content\/uploads\/2015\/10\/coverjunkie-editorial-design-650x400.jpghttp:\/\/sidko.de\/magazin\/wp-content\/uploads\/2015\/10\/coverjunkie-editorial-design.jpg 650w, http:\/\/sidko.de\/magazin\/wp-content\/uploads\/2015\/10\/coverjunkie-editorial-design-624x384.jpg 624w\" data-url=\"http:\/\/sidko.de\/magazin\/cover-gestalten-in-10-schritten.html\" data-lang=\"de\" data-theme=\"round\" data-orientation=\"horizontal\"><\/div><p>Im <strong>Editorial Design<\/strong> ist die <strong>Cover Gestaltung<\/strong> die K\u00f6nigsdisziplin. Modesch\u00fclerinnen an der Akademie f\u00fcr Mode und Design in M\u00fcnchen\u00a0wollten von mir wissen, wie man ein <strong>Magazin-Cover<\/strong> gestaltet. Hier sind die\u00a0<strong>10 Steps zum perfekten Cover<\/strong>\u00a0\u2013 lest\u00a0selbst.<\/p>\n<h3><span style=\"color: #e90084;\">Schritt 1:<\/span> Zielgruppe und Konkurrenz analysieren<\/h3>\n<p>Weil der\u00a0Zielgruppe das Cover gefallen muss, steht am Anfang immer die <strong>Zielgruppen Analyse:<\/strong> Wer soll das Magazin lesen? Um herauszufinden, wie die Leser eigentlich sind\u00a0und welche\u00a0Ziele, W\u00fcnsche, Lebensumst\u00e4nde\u00a0und\u00a0\u00dcberzeugungen sie haben, macht man\u00a0also erstmal eine <strong>Marktforschung<\/strong>.\u00a0 F\u00fcr die\u00a0 <strong>Zielgruppe Frauen<\/strong> gibt es einige Marktforschungen im Internet, z.B. die <a href=\"http:\/\/ems.guj.de\/fileadmin\/redaktion\/Print\/Deutsch\/Portfolio\/Titel\/brigitte\/KA_2012_Druck_V10.pdf\" target=\"_blank\" rel=\"noopener\">Brigitte-Studie<\/a> zu Frauen in Deutschland.<\/p>\n<p>Bei der <strong>Konkurrenz-Analyse<\/strong>\u00a0fragt man sich dann: Wer sind die Mitbewerber? Wer sind die Markf\u00fchrer, und warum sind sie das? Dabei schaut man genau hin, was die Konkurrenz macht.\u00a0Diese\u00a0Analyse der Konkurrenz zeigt einem schon ganz gut, was man nicht machen will, und bietet einem Ideen und Anregungen, was man so \u00e4hnlich oder noch besser machen kann. Mit dem Ergebnis kann man nun die Alleinstellungsmerkmale der eigenen Idee herausarbeiten.<\/p>\n<h3><span style=\"color: #e90084;\">Schritt 2:<\/span> Magazin-Konzept schreiben<\/h3>\n<p>Bevor es an die grafische Umsetzung geht, sollte man ein Konzept f\u00fcr sein Magazin machen. Schreibt es am besten auf, denn dann k\u00f6nnt Ihr bei allen Beitr\u00e4gen des Magazins \u00fcberpr\u00fcfen, ob sie wirklich zur Zielgruppe und zum Thema passen.<\/p>\n<ul>\n<li>Was ist das Thema des Magazins?<\/li>\n<li>An wen genau wendet es\u00a0sich (Zielgruppe)?<\/li>\n<li>Und mit welchen Adjektiven k\u00f6nnte man die Zeitschrift umschreiben?<\/li>\n<\/ul>\n<p>Ihr k\u00f6nnt auch ein <strong>Moodboard<\/strong> machen. Dann\u00a0sammelt Ihr Fotos von Menschen, Farbstimmungen, Produkten und Lebenswelten, und entwickelt so ein Gef\u00fchl f\u00fcr die Zielgruppe und die Themen.<\/p>\n<div id=\"attachment_291\" style=\"width: 660px\" class=\"wp-caption alignnone\"><a href=\"http:\/\/sidko.de\/magazin\/wp-content\/uploads\/2015\/10\/coverjunkie-editorial-design.jpg\" data-rel=\"lightbox-image-0\" data-rl_title=\"\" data-rl_caption=\"\" title=\"\"><img aria-describedby=\"caption-attachment-291\" decoding=\"async\" loading=\"lazy\" class=\"size-medium wp-image-291\" src=\"http:\/\/sidko.de\/magazin\/wp-content\/uploads\/2015\/10\/coverjunkie-editorial-design-650x400.jpg\" alt=\"cover zur inspiration\" width=\"650\" height=\"400\" data-id=\"291\" srcset=\"http:\/\/sidko.de\/magazin\/wp-content\/uploads\/2015\/10\/coverjunkie-editorial-design.jpg 650w, http:\/\/sidko.de\/magazin\/wp-content\/uploads\/2015\/10\/coverjunkie-editorial-design-624x384.jpg 624w\" sizes=\"(max-width: 650px) 100vw, 650px\" \/><\/a><p id=\"caption-attachment-291\" class=\"wp-caption-text\">Coverjunkie zeigt Cover bis zum Abwinken. Hier kann man sich die besten Cover der Welt anschauen.<\/p><\/div>\n<p>Coversammlung zur Inspiration: <a href=\"http:\/\/www.coverjunkie.com\/\" target=\"_blank\" rel=\"noopener\">http:\/\/www.coverjunkie.com\/<\/a><\/p>\n<h3><span style=\"color: #e90084;\">Schritt 3:<\/span> Technische und formale Details kl\u00e4ren<\/h3>\n<p>Die Erscheinungsform eines Magazins ist entscheidend f\u00fcr die Wahrnehmung beim Leser. Ob Hochglanz-edel, \u00d6ko-nachhaltig oder Yellow Press: Jedes Magazin hat ein typisches Outfit, so wie die Leser auch. Hier ist eine Checkliste f\u00fcr Euer Projekt.<\/p>\n<ul>\n<li>Format: Hoch oder Quer, Large oder Pocket?<\/li>\n<li>Wie viele Seiten sind geplant, wie ist die Haptik?<\/li>\n<li>Welche Papierqualit\u00e4t (Sorte und Gewicht) und Druckart (Tiefdruck, Offset, Digitaldruck)?<\/li>\n<li>Thema Bindung: Lumback-Bindung oder geklammert?<\/li>\n<li>Sollen Pr\u00e4gungen, Sonderfarben, Lackierungen\u00a0oder\u00a0sonstige Veredelungen verwendet werden?<\/li>\n<li>Und was ist mit Klappcover, Verpackungen, Bauchbinden etc.?<\/li>\n<\/ul>\n<h3><span style=\"color: #e90084;\">Schritt 4:<\/span> Grafische Cover Konzeption<\/h3>\n<p>F\u00fcr das Cover braucht man Logo, Schriften, Farben, Bilder und manchmal grafische Elemente wie St\u00f6rer, Buttons und den EAN-Code. Das <strong>Magazin Logo<\/strong> ist der Name des Magazins. Das kann einfach nur aus einer Schrift oder einer bildhaften Gestaltung bestehen. In jedem Fall sollte es unverwechselbar sein und die Marke verk\u00f6rpern. Du kl\u00e4rst die Fragen:<\/p>\n<ul>\n<li>Logo: Form, Farbe, Gr\u00f6\u00dfe, Lesbarkeit?<\/li>\n<li>Wie ist das Logo aufgebaut (nur Schrift, nur eine Schrift, gar keine Schrift, weitere Elemente, nur Zeichen, etc.)?<\/li>\n<li>Ist es immer sichtbar oder auch teilweise verdeckt?<\/li>\n<\/ul>\n<ul>\n<li>Cover-Aufbau: Welche Text-Elemente sollen aufs Cover?<\/li>\n<li>Welche Bild-Elemente sind auf dem Cover zu sehen?<\/li>\n<li>Sind es viele oder wenige Elemente?<\/li>\n<li>Gibt es Buttons, St\u00f6rer oder \u00c4hnliches?<\/li>\n<li>Anmutung: Welche Emotion soll das Cover vermitteln? Laut und dominant, oder clean und n\u00fcchtern, frech, sexy, verspielt, romantisch, zur\u00fcckhaltend?\u00a0Oder soll nur das Bild wirken? Soll das Cover \u00fcberraschen, schockieren, oder zum Beispiel Eleganz vermitteln?<\/li>\n<\/ul>\n<p>Die <strong>Typographie<\/strong> des Covers greift meistens die Heft-Typographie auf. Es werden Schriften mit Serifen verwendet, die einen eleganten Eindruck machen (wie Bodon bei der Vogue), oder serifenlose Schriften wie die Futura, die in ihren Light-Schnitten sehr edel wirken. Kalligraphische Schriften wirken nostalgisch oder verspielt. Mit Gr\u00f6\u00dfenunterschieden und Kontrasten von Black und Light-Schnitten kann man Spannung erzeugen. Du entscheidest:<\/p>\n<ul>\n<li>Welche <strong>Schriften<\/strong> willst du verwenden?<\/li>\n<li>Wie werden sie miteinander kombiniert?<\/li>\n<li>Ist der Textanteilauf dem Cover gro\u00df oder klein?<\/li>\n<li>Welche Funktion haben sie auf dem Cover? (Vorzeile, Hauptzeile, Unterzeile)<\/li>\n<li>F\u00fcr den Verkauf braucht man: EAN-Code und Preise, Ausgabe und Datum. Wo soll das stehen?<\/li>\n<\/ul>\n<h3><span style=\"color: #e90084;\">Schritt 5:<\/span> Das Cover Farbkonzept<\/h3>\n<p>Jetzt entwirfst Du die <strong>Farbwelt<\/strong>. Vielleicht ergibt sich ja schon eine Richtung aus dem Moodboard. Wie soll das Cover sein? Eher bunt oder gedeckt, viele oder wenige Farben? Du kannst auch ein Farbsystem mit Hilfe eines Tools wie Adobe Kuhler entwickeln\u2026\u00a0<a href=\"https:\/\/color.adobe.com\/de\/create\/color-wheel\" target=\"_blank\" rel=\"noopener\">https:\/\/color.adobe.com\/de\/create\/color-wheel <\/a><\/p>\n<ul>\n<li>harmonisch, gedeckt<\/li>\n<li>grell und kontrastreich<\/li>\n<li>mit leuchtenden Sonderfarben<\/li>\n<li>Dominiert auf dem Cover die Farbe des Fotos, sind die Texte nur schwarz oder wei\u00df, oder kommt eine Farbe f\u00fcr die Headlines dazu (welche Farbe)?<\/li>\n<li>Ist jedes Heft anders, oder sollen CI-Farben der Marke zugeordnet werden?<\/li>\n<\/ul>\n<h3><span style=\"color: #e90084;\">Schritt 6.<\/span> Cover Abbildungen<\/h3>\n<p>Meist ist das <strong>Hauptmotiv des Covers<\/strong> ein Foto. Es kann aber auch eine Illustration oder ein komplett typografisch gestalteter Titel sein. Neben den fotografischen Eigenschaften (wie gute Ausleuchtung und Sch\u00e4rfe) kl\u00e4rt man im Vorfeld:<\/p>\n<ul>\n<li>Foto: ja oder nein?<\/li>\n<li>Was wird abgebildet? Menschen, Landschaft, Produkte?<\/li>\n<li>Bei Menschen: Portrait oder Ganzfigur, Studio, Au\u00dfenbereich (Location), Styling, Farbigkeit?<\/li>\n<li>Illustration: ja oder nein?<\/li>\n<li>Gibt es noch andere Bildelemente?<\/li>\n<li>Was f\u00fcr eine Bildsprache wird eingesetzt?<\/li>\n<li>Wie wird das Bild eingesetzt?<\/li>\n<\/ul>\n<div id=\"attachment_292\" style=\"width: 660px\" class=\"wp-caption alignnone\"><a href=\"http:\/\/sidko.de\/magazin\/wp-content\/uploads\/2015\/10\/editorial-design-cover-kunst.jpg\" data-rel=\"lightbox-image-1\" data-rl_title=\"\" data-rl_caption=\"\" title=\"\"><img aria-describedby=\"caption-attachment-292\" decoding=\"async\" loading=\"lazy\" class=\"size-medium wp-image-292\" src=\"http:\/\/sidko.de\/magazin\/wp-content\/uploads\/2015\/10\/editorial-design-cover-kunst-650x400.jpg\" alt=\"K\u00fcnstler gestalten die Cover von Vogue und Vanity fair\" width=\"650\" height=\"400\" data-id=\"292\" srcset=\"http:\/\/sidko.de\/magazin\/wp-content\/uploads\/2015\/10\/editorial-design-cover-kunst.jpg 650w, http:\/\/sidko.de\/magazin\/wp-content\/uploads\/2015\/10\/editorial-design-cover-kunst-624x384.jpg 624w\" sizes=\"(max-width: 650px) 100vw, 650px\" \/><\/a><p id=\"caption-attachment-292\" class=\"wp-caption-text\">Vogue mit einem Cover von Joan Miro. und Vanity Fair von Jean Carlu gestaltet. (1930)<\/p><\/div>\n<p>Es m\u00fcssen nicht immer Fotos sein. Kunst geht auch!<br \/>\n<a href=\"http:\/\/www.buzzfeed.com\/briangalindo\/11-famous-artists-who-created-gorgeous-vogue-covers#.qeDXp9L7e\" target=\"_blank\" rel=\"noopener\">Vogue: Cover Design ber\u00fchmter K\u00fcnstler<\/a><\/p>\n<h3><span style=\"color: #e90084;\">Schritt 7:<\/span> Cover Dummy bauen<\/h3>\n<p>Wenn man alle Elemente f\u00fcr das Cover gekl\u00e4rt hat, kann man ein <strong>Dummy<\/strong> bauen. In dem sind Logo, alle Textbl\u00f6cke und Elemente mit Blindtext und ein Dummy-Foto auf dem Layout platziert. Alles super? Dann wird das Foto produziert \u2013 oder man besorgt ein Foto von einer Bildagentur.<\/p>\n<h3><span style=\"color: #e90084;\">Schritt 8:<\/span> Cover Fotoproduktion<\/h3>\n<p>Der Fotograf, die Models, das Studio\u00a0und\u00a0der Stylist werden gebrieft und gebucht. Wenn man zum Briefing das Dummy vorliegen hat, tun sich alle Beteiligten leichter, das anvisierte Ziel zu verstehen. Auch zum <strong>Cover-Shooting<\/strong> sollte man den Coverentwurf mitbringen, damit der Fotograf die Idee besser umsetzen kann und den Platz f\u00fcr Logo und Texte ber\u00fccksichtigt.<br \/>\nDas Foto-Dateiformat sollten <strong>RAW-Dateien<\/strong> sein, weil die sp\u00e4ter bei der <strong>Retusche<\/strong> die Details zum Vorschein bringen, die ein Jpeg-Format wegen der Komprimierung nicht mehr hat.<\/p>\n<h3><span style=\"color: #e90084;\">Schritt 9:<\/span> Cover Layout fertigstellen<\/h3>\n<p>So, fast geschafft! Jetzt muss das Cover noch <strong>final layoutet<\/strong> werden. Das ist jetzt nicht mehr schwer, denn die Hauptfragen der Gestaltung sind schon gekl\u00e4rt. Noch zu tun sind die Schritte:<\/p>\n<ul>\n<li>Fotoauswahl: Qualit\u00e4t, Sch\u00e4rfe, Emotion, Blick, Details?<\/li>\n<li>Motiv ins Layout einspiegeln und \u00fcber Retusche entscheiden: Wie nat\u00fcrlich soll es sein? Wie ist die angestrebte Anmutung?<\/li>\n<li>Cover betexten: Die Textl\u00e4ngen sollten sich nach den Dummy-Texten richten. Zu lange oder zu kurze Texte k\u00f6nnen das Layout ruinieren. Es lohnt sich daher, die Texte m\u00f6glichst genau am Entwurf zu orientieren.<\/li>\n<\/ul>\n<h3><span style=\"color: #e90084;\">Schritt 10:<\/span> Cover Druckvorlage erstellen<\/h3>\n<p>Hier wird es noch einmal spannend. Die <strong>Retusche<\/strong> entscheidet, wie das Foto im Druck wiedergegeben wird. Und Achtung!\u00a0Hier kann alles nochmal richtig in die Hose gehen. Darum sollte man besser folgende\u00a0 Punkte beachten:<\/p>\n<ul>\n<li>F\u00fcr die Retusche braucht man das richtige <strong>Druckprofil<\/strong><\/li>\n<li>Die Papierqualit\u00e4t spielt eine wichtige Rolle, denn es muss anders retuschiert werden, wenn man auf Hochglanz oder auf mattem Paper druckt.<\/li>\n<li>Das Druckverfahren muss auch dabei ber\u00fccksichtigt werden. Die falschen Vorgaben k\u00f6nnen das ganze Cover ruinieren. Darum unbedingt von der Druckerei diese Daten einholen.<\/li>\n<li>Die Aufl\u00f6sung der Bilder muss im Druck <strong>300 dpi<\/strong> sein.<\/li>\n<li>Vor dem Druck sollte man ein <strong>Proof<\/strong> von dem fertig retuschierten und layouteten Cover anfertigen lassen, um die Farbwirkung zu kontrollieren (Haut-T\u00f6ne, Haarfarbe, Details, Lesbarkeit).<\/li>\n<li>Ein Proof ist die <strong>verbindliche Vorlage<\/strong> f\u00fcr die Druckerei. Die Farbabweichungen des Covers im Druck sollten dann nur noch minimal sein.<\/li>\n<\/ul>\n<div id=\"attachment_288\" style=\"width: 660px\" class=\"wp-caption alignnone\"><a href=\"http:\/\/sidko.de\/magazin\/wp-content\/uploads\/2015\/10\/editorial-design-cover-print-online1.jpg\" data-rel=\"lightbox-image-2\" data-rl_title=\"\" data-rl_caption=\"\" title=\"\"><img aria-describedby=\"caption-attachment-288\" decoding=\"async\" loading=\"lazy\" class=\"size-medium wp-image-288\" src=\"http:\/\/sidko.de\/magazin\/wp-content\/uploads\/2015\/10\/editorial-design-cover-print-online1-650x400.jpg\" alt=\"Cover Retusche im Editorial Design. \" width=\"650\" height=\"400\" data-id=\"288\" srcset=\"http:\/\/sidko.de\/magazin\/wp-content\/uploads\/2015\/10\/editorial-design-cover-print-online1.jpg 650w, http:\/\/sidko.de\/magazin\/wp-content\/uploads\/2015\/10\/editorial-design-cover-print-online1-624x384.jpg 624w\" sizes=\"(max-width: 650px) 100vw, 650px\" \/><\/a><p id=\"caption-attachment-288\" class=\"wp-caption-text\">Die Retusche kann die Wirkung des Fotos stark ver\u00e4ndern. Darum sollte man hier besonders sorgf\u00e4ltig arbeiten. Das richtige Druckprofil muss der Datei vor der Retusche zugewiesen werden. Welches, das h\u00e4ngt von der Papierqualit\u00e4t und dem Druckverfahren ab. Man erh\u00e4lt es von der Druckerei.<\/p><\/div>\n<p>Mehr dazu von Retuscheur Mike Reiss<br \/>\n<a href=\"http:\/\/www.mike-reiss.com\/retusche\/harpers-bazaar.php\" target=\"_blank\" rel=\"noopener\">Editorial Design &#8211; Retusche Beispiele<\/a><\/p>\n<div id=\"attachment_294\" style=\"width: 660px\" class=\"wp-caption alignnone\"><a href=\"http:\/\/sidko.de\/magazin\/wp-content\/uploads\/2015\/10\/independent-magazines-archive.jpg\" data-rel=\"lightbox-image-3\" data-rl_title=\"\" data-rl_caption=\"\" title=\"\"><img aria-describedby=\"caption-attachment-294\" decoding=\"async\" loading=\"lazy\" class=\"size-medium wp-image-294\" src=\"http:\/\/sidko.de\/magazin\/wp-content\/uploads\/2015\/10\/independent-magazines-archive-650x400.jpg\" alt=\"Independent Magazines gegen den Mainsteam\" width=\"650\" height=\"400\" data-id=\"294\" srcset=\"http:\/\/sidko.de\/magazin\/wp-content\/uploads\/2015\/10\/independent-magazines-archive.jpg 650w, http:\/\/sidko.de\/magazin\/wp-content\/uploads\/2015\/10\/independent-magazines-archive-624x384.jpg 624w\" sizes=\"(max-width: 650px) 100vw, 650px\" \/><\/a><p id=\"caption-attachment-294\" class=\"wp-caption-text\">Der Verleger Hubert Kretschmer (Icon-Verlag) hat eine riesige Sammlung von Independent-Magazinen. Da lohnt sich das St\u00f6bern.<\/p><\/div>\n<p>Independent Magazine Archive von dem Verleger und K\u00fcnstler Hubert Kretschmer in M\u00fcnchen.<br \/>\n<a href=\"http:\/\/www.artistbooks.de\/blog\/category\/magazine\/\" target=\"_blank\" rel=\"noopener\">Archiv f\u00fcr Independent Magazine<\/a><\/p>\n","protected":false},"excerpt":{"rendered":"<p>Im Editorial Design ist die Cover Gestaltung die K\u00f6nigsdisziplin. Modesch\u00fclerinnen an der Akademie f\u00fcr Mode und Design in M\u00fcnchen\u00a0wollten von mir wissen, wie man ein Magazin-Cover<span class=\"excerpt-hellip\"> [\u2026]<\/span><\/p>\n","protected":false},"author":1,"featured_media":286,"comment_status":"closed","ping_status":"open","sticky":false,"template":"","format":"standard","meta":{"_mi_skip_tracking":false},"categories":[5],"tags":[],"yoast_head":"<!-- This site is optimized with the Yoast SEO plugin v20.5 - https:\/\/yoast.com\/wordpress\/plugins\/seo\/ -->\n<title>Magazin Cover perfekt gestalten<\/title>\n<meta name=\"description\" content=\"Cover gestalten - Editorial Design: \u00dcber Zielgruppe und Konzept, Typografie, Bilder, Farbe und Retusche bis zum Druck. Hier werden alle Fragen beantwortet\" \/>\n<meta name=\"robots\" content=\"index, follow, max-snippet:-1, max-image-preview:large, max-video-preview:-1\" \/>\n<link rel=\"canonical\" href=\"http:\/\/sidko.de\/magazin\/cover-gestalten-in-10-schritten.html\" \/>\n<meta property=\"og:locale\" content=\"de_DE\" \/>\n<meta property=\"og:type\" content=\"article\" \/>\n<meta property=\"og:title\" content=\"Magazin Cover perfekt gestalten\" \/>\n<meta property=\"og:description\" content=\"Cover gestalten - Editorial Design: \u00dcber Zielgruppe und Konzept, Typografie, Bilder, Farbe und Retusche bis zum Druck. Hier werden alle Fragen beantwortet\" \/>\n<meta property=\"og:url\" content=\"http:\/\/sidko.de\/magazin\/cover-gestalten-in-10-schritten.html\" \/>\n<meta property=\"og:site_name\" content=\"Sidko Editorial Design\" \/>\n<meta property=\"article:publisher\" content=\"https:\/\/www.facebook.com\/sigrid.kowalewski\" \/>\n<meta property=\"article:published_time\" content=\"2015-12-21T10:49:05+00:00\" \/>\n<meta property=\"article:modified_time\" content=\"2021-12-06T20:49:56+00:00\" \/>\n<meta property=\"og:image\" content=\"http:\/\/sidko.de\/magazin\/wp-content\/uploads\/2015\/10\/editorial-design-cover-print-online.jpg\" \/>\n\t<meta property=\"og:image:width\" content=\"650\" \/>\n\t<meta property=\"og:image:height\" content=\"400\" \/>\n\t<meta property=\"og:image:type\" content=\"image\/jpeg\" \/>\n<meta name=\"author\" content=\"Sigrid Kowalewski\" \/>\n<meta name=\"twitter:card\" content=\"summary_large_image\" \/>\n<meta name=\"twitter:creator\" content=\"@SidkoDesign\" \/>\n<meta name=\"twitter:site\" content=\"@SidkoDesign\" \/>\n<meta name=\"twitter:label1\" content=\"Verfasst von\" \/>\n\t<meta name=\"twitter:data1\" content=\"Sigrid Kowalewski\" \/>\n\t<meta name=\"twitter:label2\" content=\"Gesch\u00e4tzte Lesezeit\" \/>\n\t<meta name=\"twitter:data2\" content=\"7\u00a0Minuten\" \/>\n<script type=\"application\/ld+json\" class=\"yoast-schema-graph\">{\"@context\":\"https:\/\/schema.org\",\"@graph\":[{\"@type\":\"Article\",\"@id\":\"http:\/\/sidko.de\/magazin\/cover-gestalten-in-10-schritten.html#article\",\"isPartOf\":{\"@id\":\"http:\/\/sidko.de\/magazin\/cover-gestalten-in-10-schritten.html\"},\"author\":{\"name\":\"Sigrid Kowalewski\",\"@id\":\"http:\/\/sidko.de\/magazin\/#\/schema\/person\/b3b24d03d050d4ada605f6576869c598\"},\"headline\":\"Cover perfekt gestalten in 10 Schritten\",\"datePublished\":\"2015-12-21T10:49:05+00:00\",\"dateModified\":\"2021-12-06T20:49:56+00:00\",\"mainEntityOfPage\":{\"@id\":\"http:\/\/sidko.de\/magazin\/cover-gestalten-in-10-schritten.html\"},\"wordCount\":1382,\"publisher\":{\"@id\":\"http:\/\/sidko.de\/magazin\/#organization\"},\"articleSection\":[\"Editorial Design\"],\"inLanguage\":\"de\"},{\"@type\":\"WebPage\",\"@id\":\"http:\/\/sidko.de\/magazin\/cover-gestalten-in-10-schritten.html\",\"url\":\"http:\/\/sidko.de\/magazin\/cover-gestalten-in-10-schritten.html\",\"name\":\"Magazin Cover perfekt gestalten\",\"isPartOf\":{\"@id\":\"http:\/\/sidko.de\/magazin\/#website\"},\"datePublished\":\"2015-12-21T10:49:05+00:00\",\"dateModified\":\"2021-12-06T20:49:56+00:00\",\"description\":\"Cover gestalten - Editorial Design: \u00dcber Zielgruppe und Konzept, Typografie, Bilder, Farbe und Retusche bis zum Druck. Hier werden alle Fragen beantwortet\",\"breadcrumb\":{\"@id\":\"http:\/\/sidko.de\/magazin\/cover-gestalten-in-10-schritten.html#breadcrumb\"},\"inLanguage\":\"de\",\"potentialAction\":[{\"@type\":\"ReadAction\",\"target\":[\"http:\/\/sidko.de\/magazin\/cover-gestalten-in-10-schritten.html\"]}]},{\"@type\":\"BreadcrumbList\",\"@id\":\"http:\/\/sidko.de\/magazin\/cover-gestalten-in-10-schritten.html#breadcrumb\",\"itemListElement\":[{\"@type\":\"ListItem\",\"position\":1,\"name\":\"Testzeile\",\"item\":\"http:\/\/sidko.de\/magazin\"},{\"@type\":\"ListItem\",\"position\":2,\"name\":\"Cover perfekt gestalten in 10 Schritten\"}]},{\"@type\":\"WebSite\",\"@id\":\"http:\/\/sidko.de\/magazin\/#website\",\"url\":\"http:\/\/sidko.de\/magazin\/\",\"name\":\"Sidko Editorial Design\",\"description\":\"I love Magazines\",\"publisher\":{\"@id\":\"http:\/\/sidko.de\/magazin\/#organization\"},\"potentialAction\":[{\"@type\":\"SearchAction\",\"target\":{\"@type\":\"EntryPoint\",\"urlTemplate\":\"http:\/\/sidko.de\/magazin\/?s={search_term_string}\"},\"query-input\":\"required name=search_term_string\"}],\"inLanguage\":\"de\"},{\"@type\":\"Organization\",\"@id\":\"http:\/\/sidko.de\/magazin\/#organization\",\"name\":\"Sidko Editorial Design\",\"url\":\"http:\/\/sidko.de\/magazin\/\",\"logo\":{\"@type\":\"ImageObject\",\"inLanguage\":\"de\",\"@id\":\"http:\/\/sidko.de\/magazin\/#\/schema\/logo\/image\/\",\"url\":\"http:\/\/sidko.de\/magazin\/wp-content\/uploads\/2023\/04\/sidko-logo-358-68.png\",\"contentUrl\":\"http:\/\/sidko.de\/magazin\/wp-content\/uploads\/2023\/04\/sidko-logo-358-68.png\",\"width\":358,\"height\":68,\"caption\":\"Sidko Editorial Design\"},\"image\":{\"@id\":\"http:\/\/sidko.de\/magazin\/#\/schema\/logo\/image\/\"},\"sameAs\":[\"https:\/\/www.facebook.com\/sigrid.kowalewski\",\"https:\/\/twitter.com\/SidkoDesign\",\"https:\/\/instagram.com\/sidko.design\/\",\"https:\/\/de.linkedin.com\/pub\/sigrid-kowalewski\/99\/a91\/211\"]},{\"@type\":\"Person\",\"@id\":\"http:\/\/sidko.de\/magazin\/#\/schema\/person\/b3b24d03d050d4ada605f6576869c598\",\"name\":\"Sigrid Kowalewski\",\"image\":{\"@type\":\"ImageObject\",\"inLanguage\":\"de\",\"@id\":\"http:\/\/sidko.de\/magazin\/#\/schema\/person\/image\/\",\"url\":\"http:\/\/0.gravatar.com\/avatar\/f5cc031370d978549ecee960b452f015?s=96&d=mm&r=g\",\"contentUrl\":\"http:\/\/0.gravatar.com\/avatar\/f5cc031370d978549ecee960b452f015?s=96&d=mm&r=g\",\"caption\":\"Sigrid Kowalewski\"},\"url\":\"http:\/\/sidko.de\/magazin\/author\/sigrid\"}]}<\/script>\n<!-- \/ Yoast SEO plugin. -->","yoast_head_json":{"title":"Magazin Cover perfekt gestalten","description":"Cover gestalten - Editorial Design: \u00dcber Zielgruppe und Konzept, Typografie, Bilder, Farbe und Retusche bis zum Druck. Hier werden alle Fragen beantwortet","robots":{"index":"index","follow":"follow","max-snippet":"max-snippet:-1","max-image-preview":"max-image-preview:large","max-video-preview":"max-video-preview:-1"},"canonical":"http:\/\/sidko.de\/magazin\/cover-gestalten-in-10-schritten.html","og_locale":"de_DE","og_type":"article","og_title":"Magazin Cover perfekt gestalten","og_description":"Cover gestalten - Editorial Design: \u00dcber Zielgruppe und Konzept, Typografie, Bilder, Farbe und Retusche bis zum Druck. Hier werden alle Fragen beantwortet","og_url":"http:\/\/sidko.de\/magazin\/cover-gestalten-in-10-schritten.html","og_site_name":"Sidko Editorial Design","article_publisher":"https:\/\/www.facebook.com\/sigrid.kowalewski","article_published_time":"2015-12-21T10:49:05+00:00","article_modified_time":"2021-12-06T20:49:56+00:00","og_image":[{"width":650,"height":400,"url":"http:\/\/sidko.de\/magazin\/wp-content\/uploads\/2015\/10\/editorial-design-cover-print-online.jpg","type":"image\/jpeg"}],"author":"Sigrid Kowalewski","twitter_card":"summary_large_image","twitter_creator":"@SidkoDesign","twitter_site":"@SidkoDesign","twitter_misc":{"Verfasst von":"Sigrid Kowalewski","Gesch\u00e4tzte Lesezeit":"7\u00a0Minuten"},"schema":{"@context":"https:\/\/schema.org","@graph":[{"@type":"Article","@id":"http:\/\/sidko.de\/magazin\/cover-gestalten-in-10-schritten.html#article","isPartOf":{"@id":"http:\/\/sidko.de\/magazin\/cover-gestalten-in-10-schritten.html"},"author":{"name":"Sigrid Kowalewski","@id":"http:\/\/sidko.de\/magazin\/#\/schema\/person\/b3b24d03d050d4ada605f6576869c598"},"headline":"Cover perfekt gestalten in 10 Schritten","datePublished":"2015-12-21T10:49:05+00:00","dateModified":"2021-12-06T20:49:56+00:00","mainEntityOfPage":{"@id":"http:\/\/sidko.de\/magazin\/cover-gestalten-in-10-schritten.html"},"wordCount":1382,"publisher":{"@id":"http:\/\/sidko.de\/magazin\/#organization"},"articleSection":["Editorial Design"],"inLanguage":"de"},{"@type":"WebPage","@id":"http:\/\/sidko.de\/magazin\/cover-gestalten-in-10-schritten.html","url":"http:\/\/sidko.de\/magazin\/cover-gestalten-in-10-schritten.html","name":"Magazin Cover perfekt gestalten","isPartOf":{"@id":"http:\/\/sidko.de\/magazin\/#website"},"datePublished":"2015-12-21T10:49:05+00:00","dateModified":"2021-12-06T20:49:56+00:00","description":"Cover gestalten - Editorial Design: \u00dcber Zielgruppe und Konzept, Typografie, Bilder, Farbe und Retusche bis zum Druck. Hier werden alle Fragen beantwortet","breadcrumb":{"@id":"http:\/\/sidko.de\/magazin\/cover-gestalten-in-10-schritten.html#breadcrumb"},"inLanguage":"de","potentialAction":[{"@type":"ReadAction","target":["http:\/\/sidko.de\/magazin\/cover-gestalten-in-10-schritten.html"]}]},{"@type":"BreadcrumbList","@id":"http:\/\/sidko.de\/magazin\/cover-gestalten-in-10-schritten.html#breadcrumb","itemListElement":[{"@type":"ListItem","position":1,"name":"Testzeile","item":"http:\/\/sidko.de\/magazin"},{"@type":"ListItem","position":2,"name":"Cover perfekt gestalten in 10 Schritten"}]},{"@type":"WebSite","@id":"http:\/\/sidko.de\/magazin\/#website","url":"http:\/\/sidko.de\/magazin\/","name":"Sidko Editorial Design","description":"I love Magazines","publisher":{"@id":"http:\/\/sidko.de\/magazin\/#organization"},"potentialAction":[{"@type":"SearchAction","target":{"@type":"EntryPoint","urlTemplate":"http:\/\/sidko.de\/magazin\/?s={search_term_string}"},"query-input":"required name=search_term_string"}],"inLanguage":"de"},{"@type":"Organization","@id":"http:\/\/sidko.de\/magazin\/#organization","name":"Sidko Editorial Design","url":"http:\/\/sidko.de\/magazin\/","logo":{"@type":"ImageObject","inLanguage":"de","@id":"http:\/\/sidko.de\/magazin\/#\/schema\/logo\/image\/","url":"http:\/\/sidko.de\/magazin\/wp-content\/uploads\/2023\/04\/sidko-logo-358-68.png","contentUrl":"http:\/\/sidko.de\/magazin\/wp-content\/uploads\/2023\/04\/sidko-logo-358-68.png","width":358,"height":68,"caption":"Sidko Editorial Design"},"image":{"@id":"http:\/\/sidko.de\/magazin\/#\/schema\/logo\/image\/"},"sameAs":["https:\/\/www.facebook.com\/sigrid.kowalewski","https:\/\/twitter.com\/SidkoDesign","https:\/\/instagram.com\/sidko.design\/","https:\/\/de.linkedin.com\/pub\/sigrid-kowalewski\/99\/a91\/211"]},{"@type":"Person","@id":"http:\/\/sidko.de\/magazin\/#\/schema\/person\/b3b24d03d050d4ada605f6576869c598","name":"Sigrid Kowalewski","image":{"@type":"ImageObject","inLanguage":"de","@id":"http:\/\/sidko.de\/magazin\/#\/schema\/person\/image\/","url":"http:\/\/0.gravatar.com\/avatar\/f5cc031370d978549ecee960b452f015?s=96&d=mm&r=g","contentUrl":"http:\/\/0.gravatar.com\/avatar\/f5cc031370d978549ecee960b452f015?s=96&d=mm&r=g","caption":"Sigrid Kowalewski"},"url":"http:\/\/sidko.de\/magazin\/author\/sigrid"}]}},"_links":{"self":[{"href":"http:\/\/sidko.de\/magazin\/wp-json\/wp\/v2\/posts\/278"}],"collection":[{"href":"http:\/\/sidko.de\/magazin\/wp-json\/wp\/v2\/posts"}],"about":[{"href":"http:\/\/sidko.de\/magazin\/wp-json\/wp\/v2\/types\/post"}],"author":[{"embeddable":true,"href":"http:\/\/sidko.de\/magazin\/wp-json\/wp\/v2\/users\/1"}],"replies":[{"embeddable":true,"href":"http:\/\/sidko.de\/magazin\/wp-json\/wp\/v2\/comments?post=278"}],"version-history":[{"count":16,"href":"http:\/\/sidko.de\/magazin\/wp-json\/wp\/v2\/posts\/278\/revisions"}],"predecessor-version":[{"id":881,"href":"http:\/\/sidko.de\/magazin\/wp-json\/wp\/v2\/posts\/278\/revisions\/881"}],"wp:featuredmedia":[{"embeddable":true,"href":"http:\/\/sidko.de\/magazin\/wp-json\/wp\/v2\/media\/286"}],"wp:attachment":[{"href":"http:\/\/sidko.de\/magazin\/wp-json\/wp\/v2\/media?parent=278"}],"wp:term":[{"taxonomy":"category","embeddable":true,"href":"http:\/\/sidko.de\/magazin\/wp-json\/wp\/v2\/categories?post=278"},{"taxonomy":"post_tag","embeddable":true,"href":"http:\/\/sidko.de\/magazin\/wp-json\/wp\/v2\/tags?post=278"}],"curies":[{"name":"wp","href":"https:\/\/api.w.org\/{rel}","templated":true}]}}